{"id":3131,"date":"2018-02-22T18:32:08","date_gmt":"2018-02-22T17:32:08","guid":{"rendered":"http:\/\/marionaroca.net\/?p=3131"},"modified":"2018-02-22T18:32:08","modified_gmt":"2018-02-22T17:32:08","slug":"laparellador-tecnic-de-capcalera","status":"publish","type":"post","link":"https:\/\/marionaroca.net\/?p=3131","title":{"rendered":"L&#8217;aparellador, t\u00e8cnic de cap\u00e7alera."},"content":{"rendered":"<div class=\"entry-content\">\n<p>El t\u00e8cnic de cap\u00e7alera \u00e9s el professional de confian\u00e7a que <strong>informa, orienta i soluciona<\/strong> qualsevol tema relacionat amb la construcci\u00f3, el manteniment i la rehabilitaci\u00f3 d\u2019edificis i habitatges.<\/p>\n<p>\u00c9s el professional que organitza i gestiona\u00a0\u00a0la<strong> conservaci\u00f3 de l\u2019edifici<\/strong>, programa les <strong>operacions de manteniment preventiu<\/strong> per allargar-ne la seva vida \u00fatil, \u00a0i planifica les <strong>actuacions de rehabilitaci\u00f3<\/strong> i millora que s\u2019hagin de realitzar.<\/p>\n<p>El t\u00e8cnic de cap\u00e7alera \u00e9s com un \u201cmetge\u201d que t\u00e9 cura de la salut de l\u2019edifici i que tamb\u00e9 pot realitzar o assessorar a la propietat sobre tots aquells temes relacionats amb la conservaci\u00f3 de l\u2019edifici.<\/p>\n<p>Entre d\u2019altres, aquests treballs poden ser:<\/p>\n<ul class=\"custom-ul\">\n<li>Ajuts i subvencions<\/li>\n<li>Inspecci\u00f3 t\u00e8cnica d\u2019edificis<\/li>\n<li>Habitabilitat<\/li>\n<li>Ac\u00fastica<\/li>\n<li>Salut ambiental<\/li>\n<li>Accessibilitat<\/li>\n<li>Adaptaci\u00f3 funcional d\u2019habitatges<\/li>\n<li>Consum i gesti\u00f3 energ\u00e8tica<\/li>\n<li>Efici\u00e8ncia energ\u00e8tica<\/li>\n<li>Energies renovables<\/li>\n<li>Rehabilitaci\u00f3<\/li>\n<\/ul>\n<p>L\u2019aparellador, arquitecte t\u00e8cnic i enginyer d\u2019edificaci\u00f3 col\u00b7legiat \u00e9s un professional amb la preparaci\u00f3 t\u00e8cnica id\u00f2nia per assumir aquesta funci\u00f3.<\/p>\n<p>Per al desenvolupament de les seves funcions compta amb el suport del col\u00b7legi professional que, mitjan\u00e7ant el visat, certifica la seva compet\u00e8ncia, li proporciona la formaci\u00f3 continuada que necessita i l\u2019assessora en el seu dia a dia professional.<\/p>\n<\/div>\n","protected":false},"excerpt":{"rendered":"<p>El t\u00e8cnic de cap\u00e7alera \u00e9s el professional de confian\u00e7a que informa, orienta i soluciona qualsevol tema relacionat amb la construcci\u00f3, el manteniment i la rehabilitaci\u00f3 d\u2019edificis i habitatges. \u00c9s el professional que organitza i gestiona\u00a0\u00a0la conservaci\u00f3 de l\u2019edifici, programa les operacions de manteniment preventiu per allargar-ne la seva vida \u00fatil, \u00a0i planifica les actuacions de [&hellip;]<\/p>\n","protected":false},"author":1,"featured_media":0,"comment_status":"open","ping_status":"open","sticky":false,"template":"","format":"standard","meta":[],"categories":[1],"tags":[],"_links":{"self":[{"href":"https:\/\/marionaroca.net\/index.php?rest_route=\/wp\/v2\/posts\/3131"}],"collection":[{"href":"https:\/\/marionaroca.net\/index.php?rest_route=\/wp\/v2\/posts"}],"about":[{"href":"https:\/\/marionaroca.net\/index.php?rest_route=\/wp\/v2\/types\/post"}],"author":[{"embeddable":true,"href":"https:\/\/marionaroca.net\/index.php?rest_route=\/wp\/v2\/users\/1"}],"replies":[{"embeddable":true,"href":"https:\/\/marionaroca.net\/index.php?rest_route=%2Fwp%2Fv2%2Fcomments&post=3131"}],"version-history":[{"count":2,"href":"https:\/\/marionaroca.net\/index.php?rest_route=\/wp\/v2\/posts\/3131\/revisions"}],"predecessor-version":[{"id":3133,"href":"https:\/\/marionaroca.net\/index.php?rest_route=\/wp\/v2\/posts\/3131\/revisions\/3133"}],"wp:attachment":[{"href":"https:\/\/marionaroca.net\/index.php?rest_route=%2Fwp%2Fv2%2Fmedia&parent=3131"}],"wp:term":[{"taxonomy":"category","embeddable":true,"href":"https:\/\/marionaroca.net\/index.php?rest_route=%2Fwp%2Fv2%2Fcategories&post=3131"},{"taxonomy":"post_tag","embeddable":true,"href":"https:\/\/marionaroca.net\/index.php?rest_route=%2Fwp%2Fv2%2Ftags&post=3131"}],"curies":[{"name":"wp","href":"https:\/\/api.w.org\/{rel}","templated":true}]}}